{"id":5382,"date":"2022-10-06T18:25:23","date_gmt":"2022-10-06T18:25:23","guid":{"rendered":"https:\/\/multimedia.com.mx\/corporativo\/?p=5382"},"modified":"2022-10-06T18:25:27","modified_gmt":"2022-10-06T18:25:27","slug":"lo-que-hemos-aprendido-del-lugar-de-trabajo-hibrido-21-reflexiones-que-te-pondran-a-pensar-hacia-donde-quieres-llevar-tu-oficina","status":"publish","type":"post","link":"https:\/\/multimedia.com.mx\/corporativo\/lo-que-hemos-aprendido-del-lugar-de-trabajo-hibrido-21-reflexiones-que-te-pondran-a-pensar-hacia-donde-quieres-llevar-tu-oficina\/","title":{"rendered":"Lo que hemos aprendido del lugar de trabajo h\u00edbrido: 21 reflexiones que te pondr\u00e1n a pensar hacia donde quieres llevar tu oficina"},"content":{"rendered":"\n<p>La oficina que conocemos sigue en constante evoluci\u00f3n, hoy d\u00eda m\u00e1s que nunca se est\u00e1 privilegiando la flexibilidad, el ahorro de energ\u00eda, la productividad y la sensaci\u00f3n de bienestar de los empleados.\u00a0\u00a0<\/p>\n\n\n\n<p><\/p>\n\n\n<div class=\"wp-block-image\">\n<figure class=\"aligncenter size-large is-resized\"><img decoding=\"async\" src=\"https:\/\/multimedia.com.mx\/corporativo\/wp-content\/uploads\/2022\/10\/kombudesign-com-1024x634.jpeg\" alt=\"\" class=\"wp-image-5383\" width=\"709\" height=\"439\" srcset=\"https:\/\/multimedia.com.mx\/corporativo\/wp-content\/uploads\/2022\/10\/kombudesign-com-1024x634.jpeg 1024w, https:\/\/multimedia.com.mx\/corporativo\/wp-content\/uploads\/2022\/10\/kombudesign-com-300x186.jpeg 300w, https:\/\/multimedia.com.mx\/corporativo\/wp-content\/uploads\/2022\/10\/kombudesign-com-768x475.jpeg 768w, https:\/\/multimedia.com.mx\/corporativo\/wp-content\/uploads\/2022\/10\/kombudesign-com-1536x951.jpeg 1536w, https:\/\/multimedia.com.mx\/corporativo\/wp-content\/uploads\/2022\/10\/kombudesign-com.jpeg 2000w\" sizes=\"(max-width: 709px) 100vw, 709px\" \/><\/figure>\n<\/div>\n\n\n<p><\/p>\n\n\n\n<p>As\u00ed que aqu\u00ed tenemos 21 cosas que hemos aprendido de la \u201coficina del futuro\u201d:&nbsp;<\/p>\n\n\n\n<p>&#8212; Estamos en el proceso de aprender que el trabajo es lo que haces, no hacia donde te diriges. El lugar de trabajo ya no es el eje central, el sentido m\u00e1ximo de una compa\u00f1\u00eda.\u00a0<\/p>\n\n\n\n<p>&#8212; La gran mayor\u00eda de los empleados mayores de 25 a\u00f1os quieren uno o dos d\u00edas de flexibilidad laboral para hacer home office.\u00a0<\/p>\n\n\n\n<p>&#8212; Curiosamente los empleados m\u00e1s j\u00f3venes quieren ir a la oficina pues muchos de ellos todav\u00eda viven en casa de pap\u00e1s o en departamentos con roomies, perros y gastos y teniendo que conectarse en la laptop sobre la mesa del comedor, por lo que les \u201ccae bien\u201d reanudar su rutina yendo al centro de trabajo.\u00a0<\/p>\n\n\n\n<p>&#8212; Muchos trabajos pueden realizarse absolutamente en cualquier lugar. El trabajo de los colaboradores individuales y la revisi\u00f3n de sus correos electr\u00f3nicos no requiere que est\u00e9n en la oficina.\u00a0\u00a0<\/p>\n\n\n\n<p>&#8212; Pero hay una parte del trabajo -en particular, el entrenamiento, la tutor\u00eda, algunas de las interacciones creativas que se producen juntos- que requiere que la gente se re\u00fana con cierta regularidad. Ese equilibrio requiere cierto grado de flexibilidad, pero tambi\u00e9n cierto grado de interacci\u00f3n en persona.\u00a0<\/p>\n\n\n\n<p>&#8212; La gente se ha dado cuenta de que no todo el trabajo tiene que hacerse en un cubo. No hay que conducir 90 minutos para llegar a una junta por Zoom.\u00a0\u00a0<\/p>\n\n\n\n<p>&#8212; Es preciso que las empresas planeen los recursos al capital circulante, a la reducci\u00f3n de costos y a los nuevos enfoques de ventas para apoyar el trabajo que hay que hacer juntos.\u00a0<\/p>\n\n\n\n<p>&#8212; Ir a la oficina (al lugar de trabajo) tambi\u00e9n significa compartimos cosas, todos nosotros lo hacemos y es parte de la convivencia social que nos hace senti bien.\u00a0<\/p>\n\n\n\n<p>&#8212; Estamos viendo una explosi\u00f3n de oferta de espacios de trabajo disponibles de m\u00e1s formas, tama\u00f1os, sensaciones y ubicaciones de las que cualquier empleador podr\u00eda proporcionar.\u00a0\u00a0<\/p>\n\n\n\n<p>&#8212; Dar a los empleados acceso a ese ecosistema total de espacios puede proporcionarles emp\u00edricamente una mayor percepci\u00f3n de rendimiento o satisfacci\u00f3n en el lugar de trabajo que la que podr\u00eda darles una sola ubicaci\u00f3n o una sola oficina.\u00a0<\/p>\n\n\n\n<p>&#8212; Hay un aumento de la necesidad de espacios individuales, no de acceso a plantas abiertas, sino de lugares individuales donde haya tranquilidad para trabajar\u00a0<\/p>\n\n\n\n<p>&#8212; El tiempo es un \u201cactivo valioso\u201d\u00a0 para reunirse como equipo, para tener el espacio adecuado juntos, para tener el acceso adecuado a las herramientas que necesitan para colaborar, y el acceso adecuado para la convivencia social.\u00a0<\/p>\n\n\n\n<p>&#8212; Las oficinas necesitan ser suficientemente atractivas para que la gente quiera ir,; deben econtrar motivaciones extras y encontrar amenidades que las hagan atractivas, al menos m\u00e1s de lo que encuentran en su propio hogar.\u00a0<\/p>\n\n\n\n<p>&#8212; La centralidad del ecosistema era la oficina en t\u00e9rminos de din\u00e1mica de poder. Las personas que han estado al mando (jefes de la generaci\u00f3n baby boomer sobre todo) sigan ancladas en esa construcci\u00f3n, porque es lo que han conocido y c\u00f3mo han sido entrenadas\u00a0<\/p>\n\n\n\n<p>&#8211;La tutor\u00eda es algo importante para los nuevos miembros y tambi\u00e9n para el desarrollo general y la salud de la organizaci\u00f3n.&nbsp;<\/p>\n\n\n\n<p>&#8212; Los espacios de coworking son un alivio en muchas ciudades pues se han vuelto un punto de ebullici\u00f3n y de convivencia entre los m\u00e1s j\u00f3venes que encuentran amenidades, algo que les fascina. Los coworking resultan un contexto de hospitalidad llevado a una oficina.\u00a0\u00a0<\/p>\n\n\n\n<p>&#8212; Podr\u00edamos estar pasanddo de una mentalidad de &#8220;Somos due\u00f1os de esto&#8221; a &#8220;Todos compartimos este entorno&#8221;.\u00a0<\/p>\n\n\n\n<p>&#8212; Est\u00e1 surgiendo un nuevo puesto muy apreciado y bien remunerado: el gestor de la comunidad, que est\u00e1 ah\u00ed no s\u00f3lo para poner en contacto a la gente -encontrar empleados de la misma o de diferentes empresas con intereses o necesidades similares- sino para resolver los problemas del entorno \u201ccoworking\u201d.\u00a0<\/p>\n\n\n\n<p>&#8212; La oficina como entre f\u00edsico es indispensable (o no los es) en la creaci\u00f3n y ejecuci\u00f3n de ideas&#8221; \u00bfCu\u00e1l es el papel del campus y de la comunidad que nos rodea para traer nuevas ideas y nuevas personas a nuestro edificio o para animar a nuestra gente a conocer e interactuar con nuevas ideas?&#8221;.\u00a0<\/p>\n\n\n\n<p>&#8212; Las oficinas deben concebir el bienestar de sus empleados: m\u00e1s contacto con la naturaleza, mejor circulaci\u00f3n de aire fresco, iluminaci\u00f3n bien calculada, sonidos agradables, espacios sanitarios realmente limpios, etc\u00e9tera.\u00a0<\/p>\n\n\n\n<p>&#8212; Las empresas pueden \u201cprobar cosas\u201d, tratando de gastar lo m\u00ednimo. Hacer planes piloto \u201crentando\u201d espacios o mobiliario o amenidades para saber si es es camino correcto hacia la productividad.\u00a0<\/p>\n\n\n<div class=\"wp-block-image\">\n<figure class=\"aligncenter size-large is-resized\"><img decoding=\"async\" src=\"https:\/\/multimedia.com.mx\/corporativo\/wp-content\/uploads\/2022\/10\/oficina-futuro-1024x683.jpeg\" alt=\"\" class=\"wp-image-5384\" width=\"687\" height=\"458\" srcset=\"https:\/\/multimedia.com.mx\/corporativo\/wp-content\/uploads\/2022\/10\/oficina-futuro-1024x683.jpeg 1024w, https:\/\/multimedia.com.mx\/corporativo\/wp-content\/uploads\/2022\/10\/oficina-futuro-300x200.jpeg 300w, https:\/\/multimedia.com.mx\/corporativo\/wp-content\/uploads\/2022\/10\/oficina-futuro-768x512.jpeg 768w, https:\/\/multimedia.com.mx\/corporativo\/wp-content\/uploads\/2022\/10\/oficina-futuro-1536x1024.jpeg 1536w, https:\/\/multimedia.com.mx\/corporativo\/wp-content\/uploads\/2022\/10\/oficina-futuro-2048x1365.jpeg 2048w\" sizes=\"(max-width: 687px) 100vw, 687px\" \/><\/figure>\n<\/div>\n\n\n<p><\/p>\n\n\n\n<p><strong><em>En MULTIMEDIA somos integradores de tecnolog\u00eda para entornos coporativos. M\u00e1s de 33 a\u00f1os de experiencia y cientos de clientes satisfechos nos avalan. Escr\u00edbenos <\/em><\/strong><a href=\"mailto:contacto@multimedia.com.mx\" target=\"_blank\" rel=\"noreferrer noopener\"><strong><em>contacto@multimedia.com.mx<\/em><\/strong><\/a><strong><em> o visita <\/em><\/strong><a href=\"http:\/\/www.multimedia.com.mx\/\" target=\"_blank\" rel=\"noreferrer noopener\"><strong><em>www.multimedia.com.mx<\/em><\/strong><\/a><strong><em>&nbsp;<\/em><\/strong>&nbsp;<\/p>\n","protected":false},"excerpt":{"rendered":"<p>La oficina que conocemos sigue en constante evoluci\u00f3n, hoy d\u00eda m\u00e1s que nunca se est\u00e1 privilegiando la flexibilidad, el ahorro de energ\u00eda, la productividad y la sensaci\u00f3n de bienestar de los empleados.\u00a0\u00a0 As\u00ed que aqu\u00ed tenemos 21 cosas que hemos aprendido de la \u201coficina del futuro\u201d:&nbsp; &#8212; Estamos en el proceso de aprender que el [&hellip;]<\/p>\n","protected":false},"author":1,"featured_media":5384,"comment_status":"open","ping_status":"open","sticky":false,"template":"","format":"standard","meta":{"om_disable_all_campaigns":false,"_monsterinsights_skip_tracking":false,"_monsterinsights_sitenote_active":false,"_monsterinsights_sitenote_note":"","_monsterinsights_sitenote_category":0,"footnotes":""},"categories":[1],"tags":[],"class_list":["post-5382","post","type-post","status-publish","format-standard","has-post-thumbnail","hentry","category-uncategorized"],"aioseo_notices":[],"_links":{"self":[{"href":"https:\/\/multimedia.com.mx\/corporativo\/wp-json\/wp\/v2\/posts\/5382","targetHints":{"allow":["GET"]}}],"collection":[{"href":"https:\/\/multimedia.com.mx\/corporativo\/wp-json\/wp\/v2\/posts"}],"about":[{"href":"https:\/\/multimedia.com.mx\/corporativo\/wp-json\/wp\/v2\/types\/post"}],"author":[{"embeddable":true,"href":"https:\/\/multimedia.com.mx\/corporativo\/wp-json\/wp\/v2\/users\/1"}],"replies":[{"embeddable":true,"href":"https:\/\/multimedia.com.mx\/corporativo\/wp-json\/wp\/v2\/comments?post=5382"}],"version-history":[{"count":1,"href":"https:\/\/multimedia.com.mx\/corporativo\/wp-json\/wp\/v2\/posts\/5382\/revisions"}],"predecessor-version":[{"id":5385,"href":"https:\/\/multimedia.com.mx\/corporativo\/wp-json\/wp\/v2\/posts\/5382\/revisions\/5385"}],"wp:featuredmedia":[{"embeddable":true,"href":"https:\/\/multimedia.com.mx\/corporativo\/wp-json\/wp\/v2\/media\/5384"}],"wp:attachment":[{"href":"https:\/\/multimedia.com.mx\/corporativo\/wp-json\/wp\/v2\/media?parent=5382"}],"wp:term":[{"taxonomy":"category","embeddable":true,"href":"https:\/\/multimedia.com.mx\/corporativo\/wp-json\/wp\/v2\/categories?post=5382"},{"taxonomy":"post_tag","embeddable":true,"href":"https:\/\/multimedia.com.mx\/corporativo\/wp-json\/wp\/v2\/tags?post=5382"}],"curies":[{"name":"wp","href":"https:\/\/api.w.org\/{rel}","templated":true}]}}