{"id":5561,"date":"2022-11-03T17:03:02","date_gmt":"2022-11-03T17:03:02","guid":{"rendered":"https:\/\/multimedia.com.mx\/corporativo\/?p=5561"},"modified":"2022-11-03T17:03:06","modified_gmt":"2022-11-03T17:03:06","slug":"que-es-la-sala-de-juntas","status":"publish","type":"post","link":"https:\/\/multimedia.com.mx\/corporativo\/que-es-la-sala-de-juntas\/","title":{"rendered":"\u00bfQu\u00e9 es la sala de juntas?\u00a0"},"content":{"rendered":"\n<p>Una sala de juntas es un espacio reservado para que los miembros de una empresa discutan temas, colaboren en proyectos y tomen decisiones. Estos lugares suelen ser cerrados con una mesa dispuesta y sillas a su alrededor, pero la personalizaci\u00f3n va de acuerdo a los est\u00e1ndares de cada empresa. Hoy d\u00eda, una sala de juntas ya es inconcebible con toda la tecnolog\u00eda necesaria para conformar reuniones presenciales y virtuales.&nbsp;<\/p>\n\n\n\n<p>Las nuevas salas de juntas deben permitir la mensajer\u00eda instant\u00e1nea, la grabaci\u00f3n de reuniones y la transcripci\u00f3n en tiempo real, la posibilidad de compartir pantallas y documentos, y la integraci\u00f3n con otros tipos de software.\u00a0\u00a0<\/p>\n\n\n<div class=\"wp-block-image\">\n<figure class=\"aligncenter size-large is-resized\"><img decoding=\"async\" src=\"https:\/\/multimedia.com.mx\/corporativo\/wp-content\/uploads\/2022\/11\/rodeo-project-management-software-ONe-snuCaqQ-unsplash-2-1024x683.jpg\" alt=\"\" class=\"wp-image-5562\" width=\"603\" height=\"402\" srcset=\"https:\/\/multimedia.com.mx\/corporativo\/wp-content\/uploads\/2022\/11\/rodeo-project-management-software-ONe-snuCaqQ-unsplash-2-1024x683.jpg 1024w, https:\/\/multimedia.com.mx\/corporativo\/wp-content\/uploads\/2022\/11\/rodeo-project-management-software-ONe-snuCaqQ-unsplash-2-300x200.jpg 300w, https:\/\/multimedia.com.mx\/corporativo\/wp-content\/uploads\/2022\/11\/rodeo-project-management-software-ONe-snuCaqQ-unsplash-2-768x512.jpg 768w, https:\/\/multimedia.com.mx\/corporativo\/wp-content\/uploads\/2022\/11\/rodeo-project-management-software-ONe-snuCaqQ-unsplash-2-1536x1024.jpg 1536w, https:\/\/multimedia.com.mx\/corporativo\/wp-content\/uploads\/2022\/11\/rodeo-project-management-software-ONe-snuCaqQ-unsplash-2-2048x1365.jpg 2048w\" sizes=\"(max-width: 603px) 100vw, 603px\" \/><\/figure>\n<\/div>\n\n\n<p>Elementos de una sala de juntas:&nbsp;<\/p>\n\n\n\n<ul class=\"wp-block-list\">\n<li>Mesa multifuncional con sillas ergon\u00f3micas&nbsp;<\/li>\n<\/ul>\n\n\n\n<ul class=\"wp-block-list\">\n<li>Conectividad cableada para fuentes de alimentaci\u00f3n y se\u00f1al HDMI&nbsp;<\/li>\n\n\n\n<li>Rotafolios y pizarr\u00f3n blanco o transparente&nbsp;<\/li>\n\n\n\n<li>Pizarr\u00f3n digital interactivo&nbsp;<\/li>\n\n\n\n<li>Monitores -Displays acordes al tama\u00f1o del lugar (o proyector)&nbsp;<\/li>\n\n\n\n<li>Soluci\u00f3n de presentaci\u00f3n inal\u00e1mbrica&nbsp;<\/li>\n<\/ul>\n\n\n\n<ul class=\"wp-block-list\">\n<li>Multi-c\u00e1maras web&nbsp;<\/li>\n\n\n\n<li>Microfon\u00eda de superficie, de techo o pared&nbsp;<\/li>\n\n\n\n<li>Bocinas para soporte sonoro&nbsp;<\/li>\n\n\n\n<li>Plataforma de videoconferencia&nbsp;<\/li>\n\n\n\n<li>Internet con amplio ancho de banda&nbsp;<\/li>\n<\/ul>\n\n\n\n<ul class=\"wp-block-list\">\n<li>WiFi de alta velocidad\u00a0<\/li>\n<\/ul>\n\n\n<div class=\"wp-block-image\">\n<figure class=\"aligncenter size-large is-resized\"><img decoding=\"async\" src=\"https:\/\/multimedia.com.mx\/corporativo\/wp-content\/uploads\/2022\/11\/jason-goodman-vbxyFxlgpjM-unsplash-1024x683.jpg\" alt=\"\" class=\"wp-image-5563\" width=\"559\" height=\"373\" srcset=\"https:\/\/multimedia.com.mx\/corporativo\/wp-content\/uploads\/2022\/11\/jason-goodman-vbxyFxlgpjM-unsplash-1024x683.jpg 1024w, https:\/\/multimedia.com.mx\/corporativo\/wp-content\/uploads\/2022\/11\/jason-goodman-vbxyFxlgpjM-unsplash-300x200.jpg 300w, https:\/\/multimedia.com.mx\/corporativo\/wp-content\/uploads\/2022\/11\/jason-goodman-vbxyFxlgpjM-unsplash-768x512.jpg 768w, https:\/\/multimedia.com.mx\/corporativo\/wp-content\/uploads\/2022\/11\/jason-goodman-vbxyFxlgpjM-unsplash-1536x1024.jpg 1536w, https:\/\/multimedia.com.mx\/corporativo\/wp-content\/uploads\/2022\/11\/jason-goodman-vbxyFxlgpjM-unsplash-2048x1365.jpg 2048w\" sizes=\"(max-width: 559px) 100vw, 559px\" \/><\/figure>\n<\/div>\n\n\n<p><strong><em>MULTIMEDIA es la empresa l\u00edder en integraci\u00f3n de tecnolog\u00edas para salas de juntas presenciales, virtuales e h\u00edbridas. Escr\u00edbenos a <\/em><\/strong><a href=\"mailto:contacto@multimedia.com.mx\" target=\"_blank\" rel=\"noreferrer noopener\"><strong><em>contacto@multimedia.com.mx<\/em><\/strong><\/a><strong><em> o visita <\/em><\/strong><a href=\"http:\/\/www.multimedia.com.mx\/\" target=\"_blank\" rel=\"noreferrer noopener\"><strong><em>www.multimedia.com.mx<\/em><\/strong><\/a><strong><em>&nbsp;<\/em><\/strong>&nbsp;<\/p>\n","protected":false},"excerpt":{"rendered":"<p>Una sala de juntas es un espacio reservado para que los miembros de una empresa discutan temas, colaboren en proyectos y tomen decisiones. Estos lugares suelen ser cerrados con una mesa dispuesta y sillas a su alrededor, pero la personalizaci\u00f3n va de acuerdo a los est\u00e1ndares de cada empresa. Hoy d\u00eda, una sala de juntas [&hellip;]<\/p>\n","protected":false},"author":1,"featured_media":0,"comment_status":"open","ping_status":"open","sticky":false,"template":"","format":"standard","meta":{"om_disable_all_campaigns":false,"_monsterinsights_skip_tracking":false,"_monsterinsights_sitenote_active":false,"_monsterinsights_sitenote_note":"","_monsterinsights_sitenote_category":0,"footnotes":""},"categories":[1],"tags":[251,81,83,256,253,263,82,245],"class_list":["post-5561","post","type-post","status-publish","format-standard","hentry","category-uncategorized","tag-control-rooms","tag-corporativo","tag-lugar-del-trabajo","tag-luz","tag-proyector","tag-sala-de-juntas","tag-tecnologia","tag-videowall"],"aioseo_notices":[],"_links":{"self":[{"href":"https:\/\/multimedia.com.mx\/corporativo\/wp-json\/wp\/v2\/posts\/5561","targetHints":{"allow":["GET"]}}],"collection":[{"href":"https:\/\/multimedia.com.mx\/corporativo\/wp-json\/wp\/v2\/posts"}],"about":[{"href":"https:\/\/multimedia.com.mx\/corporativo\/wp-json\/wp\/v2\/types\/post"}],"author":[{"embeddable":true,"href":"https:\/\/multimedia.com.mx\/corporativo\/wp-json\/wp\/v2\/users\/1"}],"replies":[{"embeddable":true,"href":"https:\/\/multimedia.com.mx\/corporativo\/wp-json\/wp\/v2\/comments?post=5561"}],"version-history":[{"count":1,"href":"https:\/\/multimedia.com.mx\/corporativo\/wp-json\/wp\/v2\/posts\/5561\/revisions"}],"predecessor-version":[{"id":5564,"href":"https:\/\/multimedia.com.mx\/corporativo\/wp-json\/wp\/v2\/posts\/5561\/revisions\/5564"}],"wp:attachment":[{"href":"https:\/\/multimedia.com.mx\/corporativo\/wp-json\/wp\/v2\/media?parent=5561"}],"wp:term":[{"taxonomy":"category","embeddable":true,"href":"https:\/\/multimedia.com.mx\/corporativo\/wp-json\/wp\/v2\/categories?post=5561"},{"taxonomy":"post_tag","embeddable":true,"href":"https:\/\/multimedia.com.mx\/corporativo\/wp-json\/wp\/v2\/tags?post=5561"}],"curies":[{"name":"wp","href":"https:\/\/api.w.org\/{rel}","templated":true}]}}