{"id":5593,"date":"2022-11-30T19:30:09","date_gmt":"2022-11-30T19:30:09","guid":{"rendered":"https:\/\/multimedia.com.mx\/corporativo\/?p=5593"},"modified":"2022-11-30T19:30:14","modified_gmt":"2022-11-30T19:30:14","slug":"como-crear-una-sala-de-juntas-tips-para-tener-la-tecnologia-correcta","status":"publish","type":"post","link":"https:\/\/multimedia.com.mx\/corporativo\/como-crear-una-sala-de-juntas-tips-para-tener-la-tecnologia-correcta\/","title":{"rendered":"\u00bfC\u00f3mo crear una sala de juntas? Tips para tener la tecnolog\u00eda correcta"},"content":{"rendered":"\n<p>Una sala de juntas est\u00e1 determinada por el espacio asignado, por la cantidad de asistentes y por el objetivo principal de la misma.<\/p>\n\n\n\n<p>La creaci\u00f3n de la sala debe ser un consenso entre ejecutivos y directivos, personal de mantenimiento y facilities y responsables de TI. Lo mejor es que la implementaci\u00f3n sea ejecutada por una empresa experta en temas de integraci\u00f3n y automatizaci\u00f3n AV y videoconferencia.<\/p>\n\n\n<div class=\"wp-block-image\">\n<figure class=\"aligncenter size-large is-resized\"><img decoding=\"async\" src=\"https:\/\/multimedia.com.mx\/corporativo\/wp-content\/uploads\/2022\/11\/peerspace-com-1024x640.jpeg\" alt=\"\" class=\"wp-image-5595\" width=\"643\" height=\"402\" srcset=\"https:\/\/multimedia.com.mx\/corporativo\/wp-content\/uploads\/2022\/11\/peerspace-com-1024x640.jpeg 1024w, https:\/\/multimedia.com.mx\/corporativo\/wp-content\/uploads\/2022\/11\/peerspace-com-300x188.jpeg 300w, https:\/\/multimedia.com.mx\/corporativo\/wp-content\/uploads\/2022\/11\/peerspace-com-768x480.jpeg 768w, https:\/\/multimedia.com.mx\/corporativo\/wp-content\/uploads\/2022\/11\/peerspace-com-1536x960.jpeg 1536w, https:\/\/multimedia.com.mx\/corporativo\/wp-content\/uploads\/2022\/11\/peerspace-com.jpeg 2048w\" sizes=\"(max-width: 643px) 100vw, 643px\" \/><\/figure>\n<\/div>\n\n\n<p><\/p>\n\n\n\n<p>Hoy d\u00eda la sala de juntas debe considerar:<\/p>\n\n\n\n<p>-Mesa con sistema para alojar cajas de conectividad y tomas de corriente AC y de bajo voltaje DC<\/p>\n\n\n\n<p>-Sillas ergon\u00f3micas<\/p>\n\n\n\n<p>-Uso permanente de videoconferencias para juntas h\u00edbridas, lo que conlleva varias c\u00e1maras con auto rastreo, micr\u00f3fonos de pared, techo o sobremesa, bocinas.<\/p>\n\n\n\n<p>-Sistema de presentaci\u00f3n inal\u00e1mbrica<\/p>\n\n\n\n<p>-Cajas de conectividad para HDMI; VGA; y audio auxiliar<\/p>\n\n\n\n<p>-Displays, monitores o proyector<\/p>\n\n\n\n<p>-Control de iluminaci\u00f3n, persianas y cortinas<\/p>\n\n\n\n<p>-Gesti\u00f3n de termostatos<\/p>\n\n\n\n<p>-Sistema de reserva de salas enlazado a Google Wokspace u Office Exchange con visualizaci\u00f3n y operaci\u00f3n a trav\u00e9s de una pantalla t\u00e1ctil fuera de oficina<\/p>\n\n\n\n<p>-Sensores de presencia o movimiento para enlazarse a un sistema de automatizaci\u00f3n<\/p>\n\n\n<div class=\"wp-block-image\">\n<figure class=\"aligncenter size-large is-resized\"><img decoding=\"async\" src=\"https:\/\/multimedia.com.mx\/corporativo\/wp-content\/uploads\/2022\/11\/herman-miller-1-1024x427.jpeg\" alt=\"\" class=\"wp-image-5594\" width=\"700\" height=\"291\" srcset=\"https:\/\/multimedia.com.mx\/corporativo\/wp-content\/uploads\/2022\/11\/herman-miller-1-1024x427.jpeg 1024w, https:\/\/multimedia.com.mx\/corporativo\/wp-content\/uploads\/2022\/11\/herman-miller-1-300x125.jpeg 300w, https:\/\/multimedia.com.mx\/corporativo\/wp-content\/uploads\/2022\/11\/herman-miller-1-768x320.jpeg 768w, https:\/\/multimedia.com.mx\/corporativo\/wp-content\/uploads\/2022\/11\/herman-miller-1-1536x640.jpeg 1536w, https:\/\/multimedia.com.mx\/corporativo\/wp-content\/uploads\/2022\/11\/herman-miller-1-2048x853.jpeg 2048w\" sizes=\"(max-width: 700px) 100vw, 700px\" \/><\/figure>\n<\/div>\n\n\n<p><\/p>\n\n\n\n<p><em>Esto es lo que la modernidad y las necesidades apuntan a la sala de juntas. \u00bfEst\u00e1s preparado? MULTIMEDIA ofrece integraci\u00f3n de tecnolog\u00edas para espacios corporativos. M\u00e1s de 3 d\u00e9cadas de trabajo exitoso nos recomiendan. Escr\u00edbenos a contacto@multimedia.com.mx o visita www.multimedia.com.mx<\/em><\/p>\n","protected":false},"excerpt":{"rendered":"<p>Una sala de juntas est\u00e1 determinada por el espacio asignado, por la cantidad de asistentes y por el objetivo principal de la misma. La creaci\u00f3n de la sala debe ser un consenso entre ejecutivos y directivos, personal de mantenimiento y facilities y responsables de TI. Lo mejor es que la implementaci\u00f3n sea ejecutada por una [&hellip;]<\/p>\n","protected":false},"author":1,"featured_media":5594,"comment_status":"open","ping_status":"open","sticky":false,"template":"","format":"standard","meta":{"om_disable_all_campaigns":false,"_monsterinsights_skip_tracking":false,"_monsterinsights_sitenote_active":false,"_monsterinsights_sitenote_note":"","_monsterinsights_sitenote_category":0,"footnotes":""},"categories":[1],"tags":[250,273,253,263,288,82,287,245],"class_list":["post-5593","post","type-post","status-publish","format-standard","has-post-thumbnail","hentry","category-uncategorized","tag-auditorio","tag-iluminacion-2","tag-proyector","tag-sala-de-juntas","tag-sala-de-juntas-corporativa","tag-tecnologia","tag-tecnologia-correcta","tag-videowall"],"aioseo_notices":[],"_links":{"self":[{"href":"https:\/\/multimedia.com.mx\/corporativo\/wp-json\/wp\/v2\/posts\/5593","targetHints":{"allow":["GET"]}}],"collection":[{"href":"https:\/\/multimedia.com.mx\/corporativo\/wp-json\/wp\/v2\/posts"}],"about":[{"href":"https:\/\/multimedia.com.mx\/corporativo\/wp-json\/wp\/v2\/types\/post"}],"author":[{"embeddable":true,"href":"https:\/\/multimedia.com.mx\/corporativo\/wp-json\/wp\/v2\/users\/1"}],"replies":[{"embeddable":true,"href":"https:\/\/multimedia.com.mx\/corporativo\/wp-json\/wp\/v2\/comments?post=5593"}],"version-history":[{"count":1,"href":"https:\/\/multimedia.com.mx\/corporativo\/wp-json\/wp\/v2\/posts\/5593\/revisions"}],"predecessor-version":[{"id":5596,"href":"https:\/\/multimedia.com.mx\/corporativo\/wp-json\/wp\/v2\/posts\/5593\/revisions\/5596"}],"wp:featuredmedia":[{"embeddable":true,"href":"https:\/\/multimedia.com.mx\/corporativo\/wp-json\/wp\/v2\/media\/5594"}],"wp:attachment":[{"href":"https:\/\/multimedia.com.mx\/corporativo\/wp-json\/wp\/v2\/media?parent=5593"}],"wp:term":[{"taxonomy":"category","embeddable":true,"href":"https:\/\/multimedia.com.mx\/corporativo\/wp-json\/wp\/v2\/categories?post=5593"},{"taxonomy":"post_tag","embeddable":true,"href":"https:\/\/multimedia.com.mx\/corporativo\/wp-json\/wp\/v2\/tags?post=5593"}],"curies":[{"name":"wp","href":"https:\/\/api.w.org\/{rel}","templated":true}]}}