{"id":4490,"date":"2022-06-21T21:32:06","date_gmt":"2022-06-21T21:32:06","guid":{"rendered":"http:\/\/multimedia.com.mx\/residencial\/?p=4490"},"modified":"2022-06-21T21:32:08","modified_gmt":"2022-06-21T21:32:08","slug":"nuevo-paisaje-tecnologico-en-el-trabajo-y-en-casa","status":"publish","type":"post","link":"https:\/\/multimedia.com.mx\/residencial\/nuevo-paisaje-tecnologico-en-el-trabajo-y-en-casa\/","title":{"rendered":"Nuevo paisaje tecnol\u00f3gico en el trabajo y en casa"},"content":{"rendered":"\n<p>Sin ning\u00fan orden en particular, aqu\u00ed hay tres desarrollos que siguen impactando en el negocio de la integraci\u00f3n tecnol\u00f3gica:<\/p>\n\n\n\n<h2 class=\"wp-block-heading\"><strong>El lugar de trabajo h\u00edbrido ya es un elemento fijo<\/strong><\/h2>\n\n\n\n<p>Una de las tendencias m\u00e1s comentadas de 2021 fue el poder de permanencia del entorno de trabajo h\u00edbrido.&nbsp;<a href=\"https:\/\/www.forbes.com\/sites\/forbestechcouncil\/2021\/07\/13\/three-key-post-pandemic-technology-trends\/?sh=2a69ae0d487c\">En un art\u00edculo para la revista Forbes\u00ae que se hizo eco de docenas de otros art\u00edculos<\/a>, el director general Arthur Pereless de Pereless Systems (la empresa de soluciones de reclutamiento y contrataci\u00f3n), se\u00f1al\u00f3 que una de las \u201ctendencias pand\u00e9micas que han llegado para quedarse\u201d es la adopci\u00f3n generalizada de las comunicaciones unificadas. \u201cLas herramientas de comunicaci\u00f3n y colaboraci\u00f3n en el sector empresarial experimentaron un gran aumento de suscriptores durante la pandemia\u201d, dijo Pereles. \u201cEsta tendencia, como muchos ya han sugerido, probablemente ha llegado para quedarse debido a las eficiencias y ahorros de costes que las empresas est\u00e1n encontrando en esta nueva forma de pensar virtual\u201d.<\/p>\n\n\n<div class=\"wp-block-image\">\n<figure class=\"aligncenter\"><img decoding=\"async\" src=\"https:\/\/www.multimedia.com.mx\/wp-content\/uploads\/2022\/03\/Captura-de-pantalla-2022-03-03-a-las-12.12.10.png\" alt=\"Captura de pantalla 2022-03-03 a la(s) 12.12.10\" class=\"wp-image-5748\"\/><\/figure>\n<\/div>\n\n\n<p>A medida que las videoconferencias sigan creciendo \u2013<a href=\"https:\/\/www.forbes.com\/sites\/forbestechcouncil\/2021\/07\/13\/three-key-post-pandemic-technology-trends\/?sh=2a69ae0d487c\">de forma exponencial<\/a>-, ser\u00e1 cada vez m\u00e1s importante que todos los asistentes a cada reuni\u00f3n, tanto si son uno de los muchos que se encuentran&nbsp;<a href=\"https:\/\/www.crestron.com\/News\/Case-Studies\/2021\/Williams\">en una sala de conferencias<\/a>&nbsp;como si se unen en solitario desde una&nbsp;<a href=\"https:\/\/www.crestron.com\/News\/Blog\/November-2021\/Setting-the-home-office-up-for-success\">configuraci\u00f3n de oficina en casa<\/a>, se sientan como si compartieran un asiento igual en la mesa. Soluciones como&nbsp;<a href=\"https:\/\/www.crestron.com\/News\/Blog\/October-2021\/Intelligent-Video-Brings-Equality-to-Your-Meetings\">el video inteligente pueden ser extraordinariamente \u00fatiles<\/a>&nbsp;en este sentido, como se\u00f1ala Lauren Simmen (directora de marketing de productos de Crestron): \u201cEl encuadre facial inteligente reconoce a cada uno de los participantes en la sala y proporciona una \u00fanica imagen de cada persona, de modo que, independientemente de d\u00f3nde se encuentre, tiene el mismo \u201cespacio\u201d de reuni\u00f3n que las personas de la sala.\u201d<\/p>\n\n\n\n<h2 class=\"wp-block-heading\"><strong>Aumentan las amenazas de ciberseguridad&nbsp;<\/strong><\/h2>\n\n\n<div class=\"wp-block-image\">\n<figure class=\"aligncenter\"><img decoding=\"async\" src=\"https:\/\/www.multimedia.com.mx\/wp-content\/uploads\/2022\/03\/teletrabajo-ibm-alerta-de-los-riesgos-de-ciberseguridad.jpg\" alt=\"teletrabajo-ibm-alerta-de-los-riesgos-de-ciberseguridad\" class=\"wp-image-5746\"\/><\/figure>\n<\/div>\n\n\n<p>La revoluci\u00f3n del \u201ctrabajo desde casa (WFH)\u201d supuso una gran cantidad de oportunidades para aquellos con malas intenciones digitales. (<a href=\"https:\/\/www.crestron.com\/About\/Commitment-to-Security\">El compromiso con la seguridad<\/a>&nbsp;de la red es absolutamente vital para cualquier persona en el campo de la integraci\u00f3n, por supuesto). Pero cada vez es m\u00e1s evidente que el eslab\u00f3n d\u00e9bil no es tanto la tecnolog\u00eda como el \u201cwetware\u201d, es decir, los cerebros humanos que utilizan todos esos dispositivos. Los ataques de suplantaci\u00f3n de identidad van en aumento, seg\u00fan un estudio reciente del&nbsp;<a href=\"https:\/\/www.mimecast.com\/globalassets\/documents\/ebook\/state-of-email-security-report-2021.pdf\">Centro de Amenazas de Mimecast<\/a>:<\/p>\n\n\n\n<p>-Las amenazas por correo electr\u00f3nico aumentaron un 64% en 2020.<\/p>\n\n\n\n<p>-Los empleados han hecho clic en tres veces m\u00e1s correos electr\u00f3nicos maliciosos desde el inicio de la pandemia.<\/p>\n\n\n\n<p>-M\u00e1s del 60% de las empresas han experimentado alg\u00fan tipo de intento de ataque de ransomware.<\/p>\n\n\n<div class=\"wp-block-image\">\n<figure class=\"aligncenter\"><img decoding=\"async\" src=\"https:\/\/www.multimedia.com.mx\/wp-content\/uploads\/2022\/03\/download-1.jpg\" alt=\"download-1\" class=\"wp-image-5745\"\/><\/figure>\n<\/div>\n\n\n<p>M\u00e1s all\u00e1 de la posibilidad de que un empleado abra un desagradable archivo .<em>exe<\/em>, el acceso al dispositivo es otro problema: \u00bfQui\u00e9n utiliza el port\u00e1til del trabajo despu\u00e9s de las horas de trabajo? \u00bfEst\u00e1 el dispositivo de pap\u00e1 o mam\u00e1 fuera del alcance de los ni\u00f1os? La soluci\u00f3n, en \u00faltima instancia, es una mezcla de formaci\u00f3n y de redes de confianza cero, tal y como explica el director de gesti\u00f3n de productos, interfaces y aplicaciones de Crestron, Robert Bach,&nbsp;<a href=\"https:\/\/avnation.tv\/2021\/12\/17\/the-new-realities-of-cybersecurity-for-the-post-pandemic-workforce\/\">en un art\u00edculo publicado recientemente en AV Nation<\/a>.<\/p>\n\n\n\n<h2 class=\"wp-block-heading\"><strong>La definici\u00f3n de \u201cbienestar\u201d se ha ampliado<\/strong><\/h2>\n\n\n\n<p>Con un nuevo enfoque mundial en la salud interior,&nbsp;<a href=\"https:\/\/www.crestron.com\/Products\/Market-Solutions\/Crestron-Home\/health-wellness\">el segmento del \u201cbienestar\u201d (wellness)<\/a>&nbsp;se mantuvo en la cima de la mente en estos a\u00f1os de pandemia- tanto en los mercados comerciales como residenciales. Crestron se ha asociado con Delos para ofrecer soluciones en materia de iluminaci\u00f3n y de calidad del aire y del agua:&nbsp;<a href=\"https:\/\/www.crestron.com\/Partners\/Integrated-Partners\/Delos\">se trata de la plataforma Delos\u00ae Wellness<\/a>.<\/p>\n\n\n\n<p><a href=\"https:\/\/www.crestron.com\/Products\/Featured-Solutions\/Residential-Lighting-Solution\">La iluminaci\u00f3n es una parte importante de esto<\/a>. Como escribi\u00f3 Phillip Pini, Director de Ventas Residenciales de Crestron (Reino Unido),&nbsp;<a href=\"https:\/\/www.crestron.com\/News\/Blog\/November-2021\/Lighting-Balance-is-Everything\">en un post del blog de Crestron<\/a>: \u201cNuestro cuerpo necesita los rayos UV-B para poder producir vitamina D. Adem\u00e1s, las investigaciones demuestran que la luz del d\u00eda ayuda a establecer un ritmo circadiano saludable\u201d. La iluminaci\u00f3n bioc\u00e9ntrica es la clave aqu\u00ed, y el sombreado es una parte integral tanto de la iluminaci\u00f3n adecuada como del control clim\u00e1tico.<\/p>\n\n\n<div class=\"wp-block-image\">\n<figure class=\"aligncenter\"><img decoding=\"async\" src=\"https:\/\/www.multimedia.com.mx\/wp-content\/uploads\/2022\/03\/gr_fotoNoticia220.jpg\" alt=\"Wellness\" class=\"wp-image-5747\"\/><\/figure>\n<\/div>\n\n\n<p>M\u00e1s all\u00e1 de los aspectos intuitivos del bienestar, sin embargo, soluciones como los sensores de densidad que pueden ayudar a entender (y controlar) la ocupaci\u00f3n de las habitaciones y la tecnolog\u00eda sin contacto ganaron mucha tracci\u00f3n durante la pandemia.&nbsp;<a href=\"https:\/\/www.crestron.com\/News\/Blog\/May-2020\/Getting-Back-to-Work-Post-COVID19-%E2%80%93-Touchless-Coll\">En mayo de 2020, Delix Alex, director senior de productos de aplicaciones empresariales de Crestron<\/a>, imagin\u00f3 lo que se convertir\u00eda en una experiencia com\u00fan: \u201cEntras en la oficina y es el momento de tu primera reuni\u00f3n de colaboraci\u00f3n despu\u00e9s de la COVID19. Entras en la sala de conferencias. Al instante, la sala \u201csabe\u201d que est\u00e1s all\u00ed y la pantalla se despierta autom\u00e1ticamente. Confirmas que est\u00e1s en la sala de reuniones correcta, ya que la pantalla de la sala muestra claramente el nombre de la reuni\u00f3n, el organizador y la franja horaria. \u2026 Los participantes en la reuni\u00f3n ya han llegado en persona\u2026 o de forma remota a trav\u00e9s del software de conferencias Microsoft Teams\u00ae o Zoom Rooms&#x2122;, o similar. Es hora de empezar. Unos pocos clics y deslizamientos en tu dispositivo personal y ya est\u00e1s compartiendo tu presentaci\u00f3n\u201d.<\/p>\n","protected":false},"excerpt":{"rendered":"<p>Aunque ya no queramos, es imprescindible hablar de este lapso de dos a\u00f1os de encierro, que ha cambiado nuestras conductas y nuestras aproximaciones con la tecnolog\u00eda, lo mismo en el lugar de trabajo que en la casa.<\/p>\n","protected":false},"author":1,"featured_media":4492,"comment_status":"open","ping_status":"open","sticky":false,"template":"","format":"standard","meta":{"_monsterinsights_skip_tracking":false,"_monsterinsights_sitenote_active":false,"_monsterinsights_sitenote_note":"","_monsterinsights_sitenote_category":0,"footnotes":""},"categories":[51],"tags":[118,316,146,269,314,92,319,317,315,266,276,318],"class_list":["post-4490","post","type-post","status-publish","format-standard","has-post-thumbnail","hentry","category-blog","tag-bienestar","tag-ciberseguridad","tag-crestron","tag-delos","tag-home-ofiice","tag-iluminacion","tag-microsoft-teams","tag-red","tag-trabajo-en-casa","tag-trabajo-hibrido","tag-work-from-home","tag-zoom-rooms"],"_links":{"self":[{"href":"https:\/\/multimedia.com.mx\/residencial\/wp-json\/wp\/v2\/posts\/4490","targetHints":{"allow":["GET"]}}],"collection":[{"href":"https:\/\/multimedia.com.mx\/residencial\/wp-json\/wp\/v2\/posts"}],"about":[{"href":"https:\/\/multimedia.com.mx\/residencial\/wp-json\/wp\/v2\/types\/post"}],"author":[{"embeddable":true,"href":"https:\/\/multimedia.com.mx\/residencial\/wp-json\/wp\/v2\/users\/1"}],"replies":[{"embeddable":true,"href":"https:\/\/multimedia.com.mx\/residencial\/wp-json\/wp\/v2\/comments?post=4490"}],"version-history":[{"count":2,"href":"https:\/\/multimedia.com.mx\/residencial\/wp-json\/wp\/v2\/posts\/4490\/revisions"}],"predecessor-version":[{"id":4493,"href":"https:\/\/multimedia.com.mx\/residencial\/wp-json\/wp\/v2\/posts\/4490\/revisions\/4493"}],"wp:featuredmedia":[{"embeddable":true,"href":"https:\/\/multimedia.com.mx\/residencial\/wp-json\/wp\/v2\/media\/4492"}],"wp:attachment":[{"href":"https:\/\/multimedia.com.mx\/residencial\/wp-json\/wp\/v2\/media?parent=4490"}],"wp:term":[{"taxonomy":"category","embeddable":true,"href":"https:\/\/multimedia.com.mx\/residencial\/wp-json\/wp\/v2\/categories?post=4490"},{"taxonomy":"post_tag","embeddable":true,"href":"https:\/\/multimedia.com.mx\/residencial\/wp-json\/wp\/v2\/tags?post=4490"}],"curies":[{"name":"wp","href":"https:\/\/api.w.org\/{rel}","templated":true}]}}