{"id":4923,"date":"2022-10-04T22:22:13","date_gmt":"2022-10-04T22:22:13","guid":{"rendered":"https:\/\/multimedia.com.mx\/residencial\/?p=4923"},"modified":"2022-10-04T22:22:17","modified_gmt":"2022-10-04T22:22:17","slug":"como-han-pasado-los-anos-crestron-celebra-su-aniversario-50","status":"publish","type":"post","link":"https:\/\/multimedia.com.mx\/residencial\/como-han-pasado-los-anos-crestron-celebra-su-aniversario-50\/","title":{"rendered":"\u00a1Como han pasado los a\u00f1os! Crestron celebra su aniversario 50!"},"content":{"rendered":"\n<p>Ray Coneys recuerda a George Feldstein como un hombre del Renacimiento: &#8220;Era piloto, le gustaba el ciclismo, le gustaba la tripulaci\u00f3n [el remo] y ten\u00eda un enorme inter\u00e9s por la historia&#8221;. Coneys recuerda que Feldstein, el hombre que fund\u00f3 Crestron en una habitaci\u00f3n sobre una charcuter\u00eda de Cresskill, Nueva Jersey, en 1972, estaba especialmente fascinado por la historia militar. &#8220;No importa lo que pienses de ello, el hecho es que la tecnolog\u00eda militar suele impulsar el avance tecnol\u00f3gico&#8221;. George Feldstein estaba igualmente fascinado por el programa Apolo de la NASA: su sed de conocimiento era casi insaciable, y siempre estaba dispuesto a compartir lo que hab\u00eda aprendido.<br><br>El negocio que George Feldstein comenz\u00f3 a crear hace 50 a\u00f1os, impulsado por su ilimitada curiosidad, condujo a la evoluci\u00f3n de una empresa que ahora cuenta con m\u00e1s de 5000 empleados en m\u00e1s de 90 oficinas en todo el mundo. En la actualidad, las soluciones tecnol\u00f3gicas de Crestron se encuentran en las salas de juntas de las mayores empresas del mundo y en los hogares m\u00e1s lujosos. Se han instalado en el Pent\u00e1gono y en la Casa Blanca, en los tribunales y en las aulas, e incluso en los estadios deportivos de las grandes ligas.<br><br>Coneys se incorpor\u00f3 a Crestron en 1990 y desde entonces es vicepresidente de habilitaci\u00f3n de ventas. Sus recuerdos de Feldstein como extrovertido impulsado por su &#8220;necesidad de aprender\/necesidad de ense\u00f1ar&#8221; son especialmente v\u00edvidos. &#8220;George iba en bicicleta, por ejemplo, a un centro comercial, y entablaba conversaci\u00f3n con un joven valet parking&#8221;, dice Coneys. &#8220;Antes de que te dieras cuenta, les ofrec\u00eda un trabajo en Crestron. Sol\u00eda volver locos a algunos de los ejecutivos, pero si ten\u00edas inter\u00e9s en lo que hac\u00eda Crestron, te encontraba trabajo&#8221;.<br><br>Feldstein ten\u00eda una perspectiva singularmente estadounidense sobre la creaci\u00f3n de un equipo y, seg\u00fan Coneys, esa visi\u00f3n estaba formada por lo que observ\u00f3 durante la Segunda Guerra Mundial. &#8220;A George le encantaba la idea de Estados Unidos como &#8216;crisol de razas&#8217;: \u00edbamos a Europa con las camisas desabrochadas y los cascos inclinados hacia un lado, y venc\u00edamos a los malos con las armas grandes&#8221;, dice. &#8220;\u00bfC\u00f3mo? \u00c9ramos innovadores. \u00c9ramos los mejores jugadores de equipo&#8221;.<br><br>Y Feldstein impregn\u00f3 esa noci\u00f3n -esa idea del innovador americano y del jugador de equipo- en el ADN de la empresa que fund\u00f3.<br><br>Dan Brady, director de operaciones de Crestron, se hace eco de los sentimientos de Coney. &#8220;Esta empresa se basa en la innovaci\u00f3n, pero la innovaci\u00f3n siempre est\u00e1 impulsada por las personas&#8221;, dice. &#8220;George siempre valor\u00f3 las contribuciones individuales que todas estas mentes brillantes aportaban a la mesa. Les permiti\u00f3 experimentar, equivocarse y aprender de esos errores&#8221;.<\/p>\n\n\n<div class=\"wp-block-image\">\n<figure class=\"aligncenter size-large is-resized\"><img decoding=\"async\" src=\"https:\/\/multimedia.com.mx\/residencial\/wp-content\/uploads\/2022\/10\/blog_2022_09_50th_anniverary_body-2-1024x368.jpeg\" alt=\"\" class=\"wp-image-4924\" width=\"692\" height=\"248\" srcset=\"https:\/\/multimedia.com.mx\/residencial\/wp-content\/uploads\/2022\/10\/blog_2022_09_50th_anniverary_body-2-1024x368.jpeg 1024w, https:\/\/multimedia.com.mx\/residencial\/wp-content\/uploads\/2022\/10\/blog_2022_09_50th_anniverary_body-2-300x108.jpeg 300w, https:\/\/multimedia.com.mx\/residencial\/wp-content\/uploads\/2022\/10\/blog_2022_09_50th_anniverary_body-2-768x276.jpeg 768w, https:\/\/multimedia.com.mx\/residencial\/wp-content\/uploads\/2022\/10\/blog_2022_09_50th_anniverary_body-2-1536x552.jpeg 1536w, https:\/\/multimedia.com.mx\/residencial\/wp-content\/uploads\/2022\/10\/blog_2022_09_50th_anniverary_body-2-2048x735.jpeg 2048w\" sizes=\"(max-width: 692px) 100vw, 692px\" \/><\/figure>\n<\/div>\n\n\n<p><br><br>El primer gran \u00e9xito<\/p>\n\n\n\n<p><br>En los primeros d\u00edas de la empresa, Feldstein llamaba a varias empresas para ofrecer sus servicios como t\u00e9cnico, reparador y solucionador de problemas. Pero hay una l\u00ednea que se remonta al primer gran &#8220;\u00e9xito&#8221; de la empresa hasta el d\u00eda de hoy: el af\u00e1n por hacer que la tecnolog\u00eda sea m\u00e1s f\u00e1cil de controlar, sin cables.<br><br>&#8220;El pelda\u00f1o para entrar en el sector audiovisual fueron los proyectores de diapositivas&#8221;, dice Coneys.<br><br>S\u00ed, hubo un tiempo antes de PowerPoint, y las diapositivas eran s\u00f3lo eso, diapositivas que se colocaban en un carrusel en un proyector. La mejor manera de presentar una combinaci\u00f3n de datos e im\u00e1genes era reunir a los colegas en una sala oscura, bajar una pantalla y encender el proyector de diapositivas. Feldstein vio la oportunidad de perfeccionar esta herramienta de presentaci\u00f3n. &#8220;El control del proyector de diapositivas iba m\u00e1s all\u00e1 de avanzar y avanzar; tambi\u00e9n inclu\u00eda fundidos y disolvencias; pod\u00edas incorporar varias pilas de proyectores en una presentaci\u00f3n programada&#8221;, recuerda Coneys. Ese inter\u00e9s llev\u00f3 a controlar no s\u00f3lo el proyector, sino tambi\u00e9n las persianas de una sala de conferencias de forma remota y, finalmente, a conseguir cada vez m\u00e1s funciones sin cables.<br><br>&#8220;Cuando me incorpor\u00e9 a la empresa en 1990, Crestron ya ten\u00eda una pantalla t\u00e1ctil bidireccional de RF&#8221;, dice Coneys. El producto era grande y tosco, pero funcionaba. &#8220;En situaciones en las que no se pod\u00eda llevar un cable a una sala de reuniones, una mesa, una sala de conferencias o un atril de alto nivel, se pod\u00eda seguir teniendo una pantalla t\u00e1ctil, y ser\u00eda inal\u00e1mbrica&#8221;, dice. Poco despu\u00e9s de contratar a Coneys, la empresa empez\u00f3 a profundizar en la incorporaci\u00f3n del color a esas pantallas y a perfeccionar sus sistemas de control. &#8220;En aquella \u00e9poca, los controladores de pantalla t\u00e1ctil eran en blanco y negro. George lanz\u00f3 al mismo tiempo la primera pantalla t\u00e1ctil en color con una ventana de video: Pod\u00edas tener una alimentaci\u00f3n que iba a la pantalla t\u00e1ctil y mostrar una vista previa de v\u00eddeo en esta pantalla t\u00e1ctil en color&#8221;.<br><br>La visi\u00f3n de Feldstein se extendi\u00f3 a todos los productos, dice Coneys. &#8220;Fuimos el primer sistema de control que ten\u00eda un puerto Ethernet&#8221;, recuerda. Cuando se a\u00f1adi\u00f3 esa funci\u00f3n, Ethernet a\u00fan no se hab\u00eda aceptado como est\u00e1ndar. Lo mismo ocurri\u00f3 con el HDMI: Feldstein fue uno de los primeros en comprender que el HDMI se convertir\u00eda en el sustituto digital de los est\u00e1ndares de video anal\u00f3gicos.<br><br>&#8220;Al d\u00eda de hoy, si se comparan nuestros productos con los de la competencia, solemos estar muy por delante en cuanto a nuestros est\u00e1ndares de red&#8221;, dice Coneys, &#8220;incluidos los protocolos de seguridad que soportamos, porque tomamos la decisi\u00f3n de hacerlo. Fuimos los primeros en adoptarlo&#8221;.<br><br><\/p>\n\n\n<div class=\"wp-block-image\">\n<figure class=\"aligncenter size-large is-resized\"><img decoding=\"async\" src=\"https:\/\/multimedia.com.mx\/residencial\/wp-content\/uploads\/2022\/10\/blog_2022_09_50th_anniverary_body-1-1024x368.jpeg\" alt=\"\" class=\"wp-image-4925\" width=\"703\" height=\"252\" srcset=\"https:\/\/multimedia.com.mx\/residencial\/wp-content\/uploads\/2022\/10\/blog_2022_09_50th_anniverary_body-1-1024x368.jpeg 1024w, https:\/\/multimedia.com.mx\/residencial\/wp-content\/uploads\/2022\/10\/blog_2022_09_50th_anniverary_body-1-300x108.jpeg 300w, https:\/\/multimedia.com.mx\/residencial\/wp-content\/uploads\/2022\/10\/blog_2022_09_50th_anniverary_body-1-768x276.jpeg 768w, https:\/\/multimedia.com.mx\/residencial\/wp-content\/uploads\/2022\/10\/blog_2022_09_50th_anniverary_body-1-1536x552.jpeg 1536w, https:\/\/multimedia.com.mx\/residencial\/wp-content\/uploads\/2022\/10\/blog_2022_09_50th_anniverary_body-1-2048x735.jpeg 2048w\" sizes=\"(max-width: 703px) 100vw, 703px\" \/><\/figure>\n<\/div>\n\n\n<p><\/p>\n\n\n\n<p><\/p>\n\n\n\n<p>Los altibajos de un negocio<\/p>\n\n\n\n<p>Como cualquier empresa, Crestron se enfrent\u00f3 al reto de capear los descensos. Los primeros d\u00edas de Coneys en Crestron vieron a la empresa correr para alcanzar a sus competidores. &#8220;Randy Klein se uni\u00f3 a la empresa el mismo a\u00f1o que yo&#8221;, dice. Klein se centr\u00f3 en hacer que las opiniones de los clientes fueran la prioridad n\u00famero uno, y la aportaci\u00f3n del difunto y veterano director de tecnolog\u00eda Fred Bargetzi, ayud\u00f3 a la empresa a recuperar su ventaja. Durante el estallido de la burbuja de las puntocom en 1999, el 11 de septiembre y la Gran Recesi\u00f3n, Feldstein &#8220;nunca se acurruc\u00f3 en posici\u00f3n fetal&#8221;, seg\u00fan Coneys. &#8220;Invirti\u00f3 dinero y contrat\u00f3 a personal de ingenier\u00eda, y as\u00ed salimos adelante con la tecnolog\u00eda de medios digitales que se convirti\u00f3 en nuestros productos DM NVX, AV-over-IP&#8221;, afirma.<\/p>\n\n\n\n<p>Feldstein pasar\u00eda las riendas a Randy Klein en 2014, y Klein acabar\u00eda enfrent\u00e1ndose a su propio reto como director general cuando la pandemia mundial lleg\u00f3 a principios de 2020. Cuando Klein se retir\u00f3 el a\u00f1o pasado, CE Pro destac\u00f3 su liderazgo durante los cierres:<\/p>\n\n\n\n<p>Klein comparti\u00f3 recientemente que la empresa dise\u00f1\u00f3 [m\u00e1s] productos nuevos durante el cierre que durante cualquier otro periodo de tiempo. La amplia cartera de la empresa abarca tecnolog\u00eda para salas de conferencias e instalaciones corporativas, controles y pantallas de UC, sistemas para campus, dispositivos de hardware para socios como Microsoft y Zoom, y control automatizado de la iluminaci\u00f3n, el audio, el video y el entorno para casas y yates de lujo.<\/p>\n\n\n\n<p>Esa actitud de poder hacer est\u00e1 presente hoy en d\u00eda. &#8220;En estos tiempos dif\u00edciles con los problemas de la cadena de suministro global a los que todo el mundo se enfrenta, los clientes quieren desesperadamente nuestros productos porque siguen siendo los m\u00e1s flexibles, escalables y fiables del mercado actual&#8221;, dice Brady. &#8220;Y nuestra gente est\u00e1 trabajando m\u00e1s duro que nunca para satisfacer esa demanda &#8211; sin disminuir en absoluto la calidad&#8221;.<\/p>\n\n\n\n<p>&#8220;Esto es exactamente lo que hace que Crestron sea tan grande: Todo el mundo colabora para resolver los problemas, y no nos desviamos ni cedemos&#8221;, a\u00f1ade.<\/p>\n\n\n\n<p>&#8220;S\u00e9, por mi experiencia personal dirigiendo nuestro Grupo de Soporte T\u00e9cnico Avanzado durante muchos a\u00f1os, que siempre pod\u00eda mirar a un cliente a los ojos y comprometerme a resolver su problema&#8221;, a\u00f1ade Andrew Ludke, ahora director senior de gesti\u00f3n de productos. &#8220;Pod\u00eda asumir este compromiso porque sab\u00eda que ten\u00eda el respaldo inquebrantable de la empresa, desde los ingenieros y el equipo de ventas hasta la direcci\u00f3n ejecutiva&#8221;.<\/p>\n\n\n\n<p>&#8220;Randy y el Sr. Feldstein nos dec\u00edan que si hac\u00edas lo correcto para el cliente y la empresa, no pod\u00edamos equivocarnos, y eso ha demostrado ser cierto una y otra vez en el tiempo que llevo aqu\u00ed.&#8221;<\/p>\n\n\n\n<p><\/p>\n\n\n\n<p>Una empresa familiar<\/p>\n\n\n\n<p>Aunque ahora es un negocio global con miles de millones de ingresos, Crestron mantiene un ambiente familiar, que se extiende a su actual equipo de liderazgo que tiene al hijo de George, Dan, al frente. El joven Feldstein estaba listo para empezar a trabajar, como se se\u00f1al\u00f3 en un comunicado de prensa de la empresa: &#8220;Con una formaci\u00f3n en ingenier\u00eda inform\u00e1tica, Feldstein pas\u00f3 la primera d\u00e9cada de su carrera en Crestron en I+D, desempe\u00f1ando un papel en el dise\u00f1o de varias de las tecnolog\u00edas que Crestron sigue empleando hoy en d\u00eda. Desde entonces, ha trabajado en Operaciones junto a Klein y al antiguo CTO Fred Bargetzi&#8221;.<\/p>\n\n\n\n<p>Coneys recuerda a muchos miembros de la familia Feldstein colaborando a lo largo de su mandato. &#8220;El primer verano que pas\u00e9 en Cresskill, Dan y David [Feldstein] vinieron a casa desde la universidad y nos ayudaron a los trabajadores a tiempo completo a programar los sistemas Crestron.&#8221; La esposa de George, la &#8220;se\u00f1ora F&#8221;, como se la conoc\u00eda, dirig\u00eda el departamento de contabilidad. Wendy Feldstein comenz\u00f3 en el departamento de dibujo antes de convertirse en vicepresidenta de dise\u00f1o. Anne Baretz (de soltera Feldstein) se incorpor\u00f3 al equipo jur\u00eddico y lo hizo crecer. Todos los miembros de la segunda generaci\u00f3n de la familia que se unieron a Crestron invirtieron tiempo en la empresa antes de ser incorporados &#8220;oficialmente&#8221;&#8221;, dice Coneys.<\/p>\n\n\n\n<p>Aunque George Feldstein ya ha fallecido, Coneys ve los valores del fundador reflejados en la empresa cuando \u00e9sta cumple 50 a\u00f1os. &#8220;George Feldstein quer\u00eda mucho a nuestros clientes y siempre les invitaba a entrar en la f\u00e1brica. Le encantaba mostrarla y recibir comentarios e ideas.<\/p>\n\n\n\n<p>&#8220;Trabaj\u00f3 con muchas mentes brillantes de nuestra industria para ayudar a influir en el desarrollo de nuestros productos&#8221;, a\u00f1ade Coneys. &#8220;Feldstein estaba abierto a eso; era parte de su genio&#8221;.<\/p>\n\n\n\n<p>Dan Brady ve al Feldstein m\u00e1s joven abrazando esos mismos valores que George Feldstein apreciaba: &#8220;Innovaci\u00f3n, calidad y, quiz\u00e1 lo m\u00e1s importante, humildad.&#8221; Eso s\u00f3lo se consigue cuando un l\u00edder pone al cliente en primer lugar, y se esfuerza por crear la soluci\u00f3n perfecta para ese cliente. &#8220;Eso va m\u00e1s all\u00e1 de la ingenier\u00eda&#8221;, se\u00f1ala Brady. &#8220;Ese ethos se extiende a la producci\u00f3n, la distribuci\u00f3n, el marketing, las operaciones de venta, incluso la contabilidad&#8221;.<\/p>\n\n\n\n<p>&#8220;Y esa filosof\u00eda realmente no ha cambiado en absoluto&#8221;.<\/p>\n\n\n<div class=\"wp-block-image\">\n<figure class=\"aligncenter size-large is-resized\"><img decoding=\"async\" src=\"https:\/\/multimedia.com.mx\/residencial\/wp-content\/uploads\/2022\/10\/blog_2022_09_50th_anniverary_body-3-1024x368.jpeg\" alt=\"\" class=\"wp-image-4926\" width=\"743\" height=\"266\" srcset=\"https:\/\/multimedia.com.mx\/residencial\/wp-content\/uploads\/2022\/10\/blog_2022_09_50th_anniverary_body-3-1024x368.jpeg 1024w, https:\/\/multimedia.com.mx\/residencial\/wp-content\/uploads\/2022\/10\/blog_2022_09_50th_anniverary_body-3-300x108.jpeg 300w, https:\/\/multimedia.com.mx\/residencial\/wp-content\/uploads\/2022\/10\/blog_2022_09_50th_anniverary_body-3-768x276.jpeg 768w, https:\/\/multimedia.com.mx\/residencial\/wp-content\/uploads\/2022\/10\/blog_2022_09_50th_anniverary_body-3-1536x552.jpeg 1536w, https:\/\/multimedia.com.mx\/residencial\/wp-content\/uploads\/2022\/10\/blog_2022_09_50th_anniverary_body-3-2048x735.jpeg 2048w\" sizes=\"(max-width: 743px) 100vw, 743px\" \/><\/figure>\n<\/div>\n\n\n<p><\/p>\n\n\n\n<p>Una r\u00e1pida cronolog\u00eda de Crestron:<\/p>\n\n\n\n<p>1972 &#8211; Se funda Crestron en Cresskill, Nueva Jersey.<\/p>\n\n\n\n<p>1975 &#8211; Feldstein incorpora la firma Crestron Electronics.<\/p>\n\n\n\n<p>1980 &#8211; Se construye la primera sede central de Crestron en Cresskill.<\/p>\n\n\n\n<p>1997 &#8211; Crestron traslada su sede a Rockleigh, Nueva Jersey, compra varios edificios para su centro de investigaci\u00f3n y contrata a m\u00e1s de 400 ingenieros.<\/p>\n\n\n\n<p>1998 &#8211; Comienza el programa de certificaci\u00f3n de Crestron.<\/p>\n\n\n\n<p>2002 &#8211; Se introduce el programa Crestron Masters.<\/p>\n\n\n\n<p>2009 &#8211; Crestron abre su &#8220;Experience Center&#8221; de 8.000 pies cuadrados en Nueva Jersey.<\/p>\n\n\n\n<p>2014 &#8211; Randy Klein se convierte en CEO. George Feldstein fallece ese mismo a\u00f1o, con m\u00e1s de 70 patentes a su nombre.<\/p>\n\n\n\n<p>2021 &#8211; Dan Feldstein asume el cargo de CEO tras la jubilaci\u00f3n de Randy Klein.<\/p>\n\n\n\n<p>2022 &#8211; Crestron cumple 50 a\u00f1os de actividad con m\u00e1s de 5000 empleados y m\u00e1s de 90 oficinas en todo el mundo.<\/p>\n\n\n\n<p><strong><em>Crestron Latin es la oficina de soporte para la regi\u00f3n latinoamericana. <\/em><\/strong><a href=\"http:\/\/www.crestronlatin.com\"><strong><em>www.crestronlatin.com<\/em><\/strong><\/a><strong><em><\/em><\/strong><\/p>\n","protected":false},"excerpt":{"rendered":"<p>Ray Coneys recuerda a George Feldstein como un hombre del Renacimiento: &#8220;Era piloto, le gustaba el ciclismo, le gustaba la tripulaci\u00f3n [el remo] y ten\u00eda un enorme inter\u00e9s por la historia&#8221;. Coneys recuerda que Feldstein, el hombre que fund\u00f3 Crestron en una habitaci\u00f3n sobre una charcuter\u00eda de Cresskill, Nueva Jersey, en 1972, estaba especialmente fascinado [&hellip;]<\/p>\n","protected":false},"author":1,"featured_media":4924,"comment_status":"open","ping_status":"open","sticky":false,"template":"","format":"standard","meta":{"_monsterinsights_skip_tracking":false,"_monsterinsights_sitenote_active":false,"_monsterinsights_sitenote_note":"","_monsterinsights_sitenote_category":0,"footnotes":""},"categories":[1],"tags":[],"class_list":["post-4923","post","type-post","status-publish","format-standard","has-post-thumbnail","hentry","category-uncategorized"],"_links":{"self":[{"href":"https:\/\/multimedia.com.mx\/residencial\/wp-json\/wp\/v2\/posts\/4923","targetHints":{"allow":["GET"]}}],"collection":[{"href":"https:\/\/multimedia.com.mx\/residencial\/wp-json\/wp\/v2\/posts"}],"about":[{"href":"https:\/\/multimedia.com.mx\/residencial\/wp-json\/wp\/v2\/types\/post"}],"author":[{"embeddable":true,"href":"https:\/\/multimedia.com.mx\/residencial\/wp-json\/wp\/v2\/users\/1"}],"replies":[{"embeddable":true,"href":"https:\/\/multimedia.com.mx\/residencial\/wp-json\/wp\/v2\/comments?post=4923"}],"version-history":[{"count":1,"href":"https:\/\/multimedia.com.mx\/residencial\/wp-json\/wp\/v2\/posts\/4923\/revisions"}],"predecessor-version":[{"id":4927,"href":"https:\/\/multimedia.com.mx\/residencial\/wp-json\/wp\/v2\/posts\/4923\/revisions\/4927"}],"wp:featuredmedia":[{"embeddable":true,"href":"https:\/\/multimedia.com.mx\/residencial\/wp-json\/wp\/v2\/media\/4924"}],"wp:attachment":[{"href":"https:\/\/multimedia.com.mx\/residencial\/wp-json\/wp\/v2\/media?parent=4923"}],"wp:term":[{"taxonomy":"category","embeddable":true,"href":"https:\/\/multimedia.com.mx\/residencial\/wp-json\/wp\/v2\/categories?post=4923"},{"taxonomy":"post_tag","embeddable":true,"href":"https:\/\/multimedia.com.mx\/residencial\/wp-json\/wp\/v2\/tags?post=4923"}],"curies":[{"name":"wp","href":"https:\/\/api.w.org\/{rel}","templated":true}]}}